{"id":6128,"date":"2021-02-01T03:00:03","date_gmt":"2021-02-01T06:00:03","guid":{"rendered":"https:\/\/fmdemo925.com\/index.php\/2021\/02\/01\/25-comics-que-con-toques-de-satira-y-comedia-nos-ensenan-a-ver-la-vida-cotidiana-de-otra-manera\/"},"modified":"2021-02-01T03:00:03","modified_gmt":"2021-02-01T06:00:03","slug":"25-comics-que-con-toques-de-satira-y-comedia-nos-ensenan-a-ver-la-vida-cotidiana-de-otra-manera","status":"publish","type":"post","link":"https:\/\/fmdemo925.com\/index.php\/2021\/02\/01\/25-comics-que-con-toques-de-satira-y-comedia-nos-ensenan-a-ver-la-vida-cotidiana-de-otra-manera\/","title":{"rendered":"25+ C\u00f3mics que, con toques de s\u00e1tira y comedia, nos ense\u00f1an a ver la vida cotidiana de otra manera"},"content":{"rendered":"<div><img loading=\"lazy\" decoding=\"async\" src=\"https:\/\/fmdemo925.com\/wp-content\/uploads\/2021\/02\/e1ed1d5b08884688390f51b19c.jpg\" width=\"300\" height=\"158\" border=\"1\"><\/p>\n<p>Ant\u00eda D\u00edaz es\u00a0una ilustradora originaria de\u00a0Espa\u00f1a que encontr\u00f3 en\u00a0el\u00a0dibujo la\u00a0v\u00eda para expresar sus sentimientos. A\u00a0trav\u00e9s de\u00a0historietas protagonizadas en\u00a0su\u00a0mayor\u00eda por su\u00a0alter ego, refleja algunas situaciones de\u00a0la\u00a0vida cotidiana de\u00a0forma sat\u00edrica y\u00a0divertida, haciendo que aquellos que se\u00a0sientan identificados suelten una carcajada y\u00a0observen que no\u00a0son los \u00fanicos seres humanos que piensan igual. Gracias al\u00a0apoyo de\u00a0sus seguidores, Ant\u00eda no\u00a0deja de\u00a0recrear maravillas con su\u00a0pluma y\u00a0puede regalarle al\u00a0mundo graciosos momentos acompa\u00f1ados de\u00a0un\u00a0mensaje para la\u00a0reflexi\u00f3n en\u00a0las redes sociales.<\/p>\n<\/div>\n","protected":false},"excerpt":{"rendered":"<p>Ant\u00eda D\u00edaz es\u00a0una ilustradora originaria de\u00a0Espa\u00f1a que encontr\u00f3 en\u00a0el\u00a0dibujo la\u00a0v\u00eda para expresar sus sentimientos. A\u00a0trav\u00e9s de\u00a0historietas protagonizadas en\u00a0su\u00a0mayor\u00eda por su\u00a0alter<\/p>\n","protected":false},"author":1,"featured_media":0,"comment_status":"closed","ping_status":"closed","sticky":false,"template":"","format":"standard","meta":{"colormag_page_layout":"default_layout","footnotes":""},"categories":[26],"tags":[],"class_list":["post-6128","post","type-post","status-publish","format-standard","hentry","category-virales"],"_links":{"self":[{"href":"https:\/\/fmdemo925.com\/index.php\/wp-json\/wp\/v2\/posts\/6128","targetHints":{"allow":["GET"]}}],"collection":[{"href":"https:\/\/fmdemo925.com\/index.php\/wp-json\/wp\/v2\/posts"}],"about":[{"href":"https:\/\/fmdemo925.com\/index.php\/wp-json\/wp\/v2\/types\/post"}],"author":[{"embeddable":true,"href":"https:\/\/fmdemo925.com\/index.php\/wp-json\/wp\/v2\/users\/1"}],"replies":[{"embeddable":true,"href":"https:\/\/fmdemo925.com\/index.php\/wp-json\/wp\/v2\/comments?post=6128"}],"version-history":[{"count":0,"href":"https:\/\/fmdemo925.com\/index.php\/wp-json\/wp\/v2\/posts\/6128\/revisions"}],"wp:attachment":[{"href":"https:\/\/fmdemo925.com\/index.php\/wp-json\/wp\/v2\/media?parent=6128"}],"wp:term":[{"taxonomy":"category","embeddable":true,"href":"https:\/\/fmdemo925.com\/index.php\/wp-json\/wp\/v2\/categories?post=6128"},{"taxonomy":"post_tag","embeddable":true,"href":"https:\/\/fmdemo925.com\/index.php\/wp-json\/wp\/v2\/tags?post=6128"}],"curies":[{"name":"wp","href":"https:\/\/api.w.org\/{rel}","templated":true}]}}