{"id":238811,"date":"2026-05-01T11:28:43","date_gmt":"2026-05-01T14:28:43","guid":{"rendered":"https:\/\/fmdemo925.com\/index.php\/2026\/05\/01\/me-niego-a-que-mi-madrastra-eche-a-mi-perro-de-mi-casa\/"},"modified":"2026-05-01T11:28:43","modified_gmt":"2026-05-01T14:28:43","slug":"me-niego-a-que-mi-madrastra-eche-a-mi-perro-de-mi-casa","status":"publish","type":"post","link":"https:\/\/fmdemo925.com\/index.php\/2026\/05\/01\/me-niego-a-que-mi-madrastra-eche-a-mi-perro-de-mi-casa\/","title":{"rendered":"Me niego a que mi madrastra eche a mi perro de mi casa"},"content":{"rendered":"<p><img loading=\"lazy\" decoding=\"async\" src=\"https:\/\/wl-genial.cf.tsp.li\/resize\/336x177\/jpg\/9be\/897\/019c0a5f25acac4f910e671f8a.jpg\" width=\"300\" height=\"158\" border=\"1\" \/><\/p>\n<p>Que las mascotas son parte de\u00a0nuestra familia ya\u00a0es\u00a0algo indiscutible para muchas, muchas personas. Antes, los perros y\u00a0los gatos se\u00a0quedaban en\u00a0el\u00a0patio, sin entrar a\u00a0la\u00a0casa; hoy, incluso tienen mejores camitas y\u00a0abrigos que sus humanos. En\u00a0Genial amamos las historias felices de\u00a0humanos y\u00a0animales, pero en\u00a0esta ocasi\u00f3n, una lectora comparti\u00f3 con nosotros esta situaci\u00f3n que, de\u00a0momento, no\u00a0tiene final feliz (esperamos que pronto lo\u00a0tenga).<\/p>\n<p>\u200bQue las mascotas son parte de\u00a0nuestra familia ya\u00a0es\u00a0algo indiscutible para muchas, muchas personas. Antes, los perros y\u00a0los gatos se\u00a0quedaban en\u00a0el\u00a0patio, sin entrar a\u00a0la\u00a0casa; hoy, incluso tienen mejores camitas y\u00a0abrigos que sus humanos. En\u00a0Genial amamos las historias felices de\u00a0humanos y\u00a0animales, pero en\u00a0esta ocasi\u00f3n, una lectora comparti\u00f3 con nosotros esta situaci\u00f3n que, de\u00a0momento, no\u00a0tiene final feliz (esperamos que pronto lo\u00a0tenga).\u00a0\u00a0Genial RSS<\/p>","protected":false},"excerpt":{"rendered":"<p>Que las mascotas son parte de\u00a0nuestra familia ya\u00a0es\u00a0algo indiscutible para muchas, muchas personas. Antes, los perros y\u00a0los gatos se\u00a0quedaban en\u00a0el\u00a0patio,<\/p>\n","protected":false},"author":1,"featured_media":238812,"comment_status":"open","ping_status":"open","sticky":false,"template":"","format":"standard","meta":{"colormag_page_layout":"default_layout","footnotes":""},"categories":[26],"tags":[],"class_list":["post-238811","post","type-post","status-publish","format-standard","has-post-thumbnail","hentry","category-virales"],"_links":{"self":[{"href":"https:\/\/fmdemo925.com\/index.php\/wp-json\/wp\/v2\/posts\/238811","targetHints":{"allow":["GET"]}}],"collection":[{"href":"https:\/\/fmdemo925.com\/index.php\/wp-json\/wp\/v2\/posts"}],"about":[{"href":"https:\/\/fmdemo925.com\/index.php\/wp-json\/wp\/v2\/types\/post"}],"author":[{"embeddable":true,"href":"https:\/\/fmdemo925.com\/index.php\/wp-json\/wp\/v2\/users\/1"}],"replies":[{"embeddable":true,"href":"https:\/\/fmdemo925.com\/index.php\/wp-json\/wp\/v2\/comments?post=238811"}],"version-history":[{"count":0,"href":"https:\/\/fmdemo925.com\/index.php\/wp-json\/wp\/v2\/posts\/238811\/revisions"}],"wp:featuredmedia":[{"embeddable":true,"href":"https:\/\/fmdemo925.com\/index.php\/wp-json\/wp\/v2\/media\/238812"}],"wp:attachment":[{"href":"https:\/\/fmdemo925.com\/index.php\/wp-json\/wp\/v2\/media?parent=238811"}],"wp:term":[{"taxonomy":"category","embeddable":true,"href":"https:\/\/fmdemo925.com\/index.php\/wp-json\/wp\/v2\/categories?post=238811"},{"taxonomy":"post_tag","embeddable":true,"href":"https:\/\/fmdemo925.com\/index.php\/wp-json\/wp\/v2\/tags?post=238811"}],"curies":[{"name":"wp","href":"https:\/\/api.w.org\/{rel}","templated":true}]}}