{"id":163931,"date":"2024-03-30T05:06:50","date_gmt":"2024-03-30T08:06:50","guid":{"rendered":"https:\/\/fmdemo925.com\/index.php\/2024\/03\/30\/ap-fotos-devotos-en-america-latina-conmemoran-el-viernes-santo\/"},"modified":"2024-03-30T05:06:50","modified_gmt":"2024-03-30T08:06:50","slug":"ap-fotos-devotos-en-america-latina-conmemoran-el-viernes-santo","status":"publish","type":"post","link":"https:\/\/fmdemo925.com\/index.php\/2024\/03\/30\/ap-fotos-devotos-en-america-latina-conmemoran-el-viernes-santo\/","title":{"rendered":"AP Fotos: Devotos en Am\u00e9rica Latina conmemoran el Viernes Santo"},"content":{"rendered":"<p>En Am\u00e9rica Latina, los fieles cat\u00f3licos conmemoraron el Viernes Santo con procesiones y ceremonias en las que recrearon la crucifixi\u00f3n de Jes\u00fas.<\/p>\n<p>En la ciudad guatemalteca de Antigua, devotos vestidos de p\u00farpura y blanco sacaron en procesi\u00f3n un paso de tres toneladas de peso y 300 a\u00f1os de antig\u00fcedad con una imagen de Jes\u00fas a tama\u00f1o natural cargado con la cruz. Brasile\u00f1os llenaron las calles de la favela Complexo do Alemao para asistir a una representaci\u00f3n del Via Crucis.<\/p>\n<p>En una colina que domina el vecindario de Petare de Caracas, Venezuela, hombres caracterizados como soldados romanos ataron a otros a cruces de madera mientras los residentes se congregaban para una recreaci\u00f3n de la crucifixi\u00f3n.<\/p>\n<p>En Ecuador, miles de penitentes acompa\u00f1aron a una imagen de Jes\u00fas del Gran Poder por las calles de la capital, Quito, mientras que en Cuba los fieles celebraron el Viernes Santo con una procesi\u00f3n en La Habana.<\/p>","protected":false},"excerpt":{"rendered":"<p>En Am\u00e9rica Latina, los fieles cat\u00f3licos conmemoraron el Viernes Santo con procesiones y ceremonias en las que recrearon la crucifixi\u00f3n<\/p>\n","protected":false},"author":0,"featured_media":0,"comment_status":"open","ping_status":"open","sticky":false,"template":"","format":"standard","meta":{"colormag_page_layout":"default_layout","footnotes":""},"categories":[28],"tags":[],"class_list":["post-163931","post","type-post","status-publish","format-standard","hentry","category-noticias"],"_links":{"self":[{"href":"https:\/\/fmdemo925.com\/index.php\/wp-json\/wp\/v2\/posts\/163931","targetHints":{"allow":["GET"]}}],"collection":[{"href":"https:\/\/fmdemo925.com\/index.php\/wp-json\/wp\/v2\/posts"}],"about":[{"href":"https:\/\/fmdemo925.com\/index.php\/wp-json\/wp\/v2\/types\/post"}],"replies":[{"embeddable":true,"href":"https:\/\/fmdemo925.com\/index.php\/wp-json\/wp\/v2\/comments?post=163931"}],"version-history":[{"count":0,"href":"https:\/\/fmdemo925.com\/index.php\/wp-json\/wp\/v2\/posts\/163931\/revisions"}],"wp:attachment":[{"href":"https:\/\/fmdemo925.com\/index.php\/wp-json\/wp\/v2\/media?parent=163931"}],"wp:term":[{"taxonomy":"category","embeddable":true,"href":"https:\/\/fmdemo925.com\/index.php\/wp-json\/wp\/v2\/categories?post=163931"},{"taxonomy":"post_tag","embeddable":true,"href":"https:\/\/fmdemo925.com\/index.php\/wp-json\/wp\/v2\/tags?post=163931"}],"curies":[{"name":"wp","href":"https:\/\/api.w.org\/{rel}","templated":true}]}}